{"id":4199,"date":"2025-02-13T13:00:08","date_gmt":"2025-02-13T13:00:08","guid":{"rendered":"https:\/\/fhs.cd\/de\/?p=4199"},"modified":"2025-02-13T13:02:51","modified_gmt":"2025-02-13T13:02:51","slug":"kongo-in-der-krise","status":"publish","type":"post","link":"https:\/\/fhs.cd\/de\/2025\/02\/13\/kongo-in-der-krise\/","title":{"rendered":"Kongo in der Krise"},"content":{"rendered":"\t\t<div data-elementor-type=\"wp-post\" data-elementor-id=\"4199\" class=\"elementor elementor-4199\">\n\t\t\t\t\t\t<section class=\"elementor-section elementor-top-section elementor-element elementor-element-9577728 elementor-section-boxed elementor-section-height-default elementor-section-height-default qodef-elementor-content-no\" data-id=\"9577728\" data-element_type=\"section\" data-e-type=\"section\">\n\t\t\t\t\t\t<div class=\"elementor-container elementor-column-gap-default\">\n\t\t\t\t\t<div class=\"elementor-column elementor-col-100 elementor-top-column elementor-element elementor-element-cf74cf3\" data-id=\"cf74cf3\" data-element_type=\"column\" data-e-type=\"column\">\n\t\t\t<div class=\"elementor-widget-wrap elementor-element-populated\">\n\t\t\t\t\t\t<div class=\"elementor-element elementor-element-dac6bd2 elementor-widget elementor-widget-text-editor\" data-id=\"dac6bd2\" data-element_type=\"widget\" data-e-type=\"widget\" data-widget_type=\"text-editor.default\">\n\t\t\t\t<div class=\"elementor-widget-container\">\n\t\t\t\t\t\t\t\t\t<p><strong>Mit der erneuten Einnahme Gomas durch Rebellen und die ruandische Armee eskaliert der jahrzehntelange Konflikt im Osten der Demokratischen Republik Kongo. Doch anders als 2012 bleibt der internationale Druck auf Ruanda aus.<\/strong><\/p>\t\t\t\t\t\t\t\t<\/div>\n\t\t\t\t<\/div>\n\t\t\t\t\t<\/div>\n\t\t<\/div>\n\t\t\t\t\t<\/div>\n\t\t<\/section>\n\t\t\t\t<section class=\"elementor-section elementor-top-section elementor-element elementor-element-4b152a5 elementor-section-boxed elementor-section-height-default elementor-section-height-default qodef-elementor-content-no\" data-id=\"4b152a5\" data-element_type=\"section\" data-e-type=\"section\">\n\t\t\t\t\t\t<div class=\"elementor-container elementor-column-gap-default\">\n\t\t\t\t\t<div class=\"elementor-column elementor-col-100 elementor-top-column elementor-element elementor-element-6effd51\" data-id=\"6effd51\" data-element_type=\"column\" data-e-type=\"column\">\n\t\t\t<div class=\"elementor-widget-wrap elementor-element-populated\">\n\t\t\t\t\t\t<div class=\"elementor-element elementor-element-7e745b4 elementor-widget elementor-widget-text-editor\" data-id=\"7e745b4\" data-element_type=\"widget\" data-e-type=\"widget\" data-widget_type=\"text-editor.default\">\n\t\t\t\t<div class=\"elementor-widget-container\">\n\t\t\t\t\t\t\t\t\t<p>Die Situation im Osten der Demokratischen Republik Kongo hat sich weiter versch\u00e4rft. Die Rebellengruppe M23 und die ruandische Armee haben die Provinzhauptstadt Goma erobert \u2013 ein neuer H\u00f6hepunkt in einem Konflikt, der seit \u00fcber 30 Jahren andauert und seinen Ursprung im V\u00f6lkermord in Ruanda hat. Schon 2012 hatten die M23-Rebellen Goma mit Unterst\u00fctzung Ruandas eingenommen, mussten die Stadt aber nach internationalem Druck wieder aufgeben. Damals wurde die Gruppe besiegt und zog sich nach Ruanda und Uganda zur\u00fcck. Seit Ende 2021 k\u00e4mpft M23 wieder und hat inzwischen mehrere St\u00e4dte im Ostkongo besetzt. Dort haben die Rebellen eigene Verwaltungsstrukturen aufgebaut, w\u00e4hrend die internationale Gemeinschaft nur z\u00f6gerlich reagiert.<\/p>\t\t\t\t\t\t\t\t<\/div>\n\t\t\t\t<\/div>\n\t\t\t\t\t<\/div>\n\t\t<\/div>\n\t\t\t\t\t<\/div>\n\t\t<\/section>\n\t\t\t\t<section class=\"elementor-section elementor-top-section elementor-element elementor-element-ad8712d elementor-section-boxed elementor-section-height-default elementor-section-height-default qodef-elementor-content-no\" data-id=\"ad8712d\" data-element_type=\"section\" data-e-type=\"section\">\n\t\t\t\t\t\t<div class=\"elementor-container elementor-column-gap-default\">\n\t\t\t\t\t<div class=\"elementor-column elementor-col-100 elementor-top-column elementor-element elementor-element-7adf1b5\" data-id=\"7adf1b5\" data-element_type=\"column\" data-e-type=\"column\">\n\t\t\t<div class=\"elementor-widget-wrap elementor-element-populated\">\n\t\t\t\t\t\t<div class=\"elementor-element elementor-element-f855f52 elementor-widget elementor-widget-heading\" data-id=\"f855f52\" data-element_type=\"widget\" data-e-type=\"widget\" data-widget_type=\"heading.default\">\n\t\t\t\t<div class=\"elementor-widget-container\">\n\t\t\t\t\t<h3 class=\"elementor-heading-title elementor-size-default\">Ruandas Ambitionen und die Zur\u00fcckhaltung des Westens<\/h3>\t\t\t\t<\/div>\n\t\t\t\t<\/div>\n\t\t\t\t\t<\/div>\n\t\t<\/div>\n\t\t\t\t\t<\/div>\n\t\t<\/section>\n\t\t\t\t<section class=\"elementor-section elementor-top-section elementor-element elementor-element-6892a96 elementor-section-boxed elementor-section-height-default elementor-section-height-default qodef-elementor-content-no\" data-id=\"6892a96\" data-element_type=\"section\" data-e-type=\"section\">\n\t\t\t\t\t\t<div class=\"elementor-container elementor-column-gap-default\">\n\t\t\t\t\t<div class=\"elementor-column elementor-col-100 elementor-top-column elementor-element elementor-element-2b43dd7\" data-id=\"2b43dd7\" data-element_type=\"column\" data-e-type=\"column\">\n\t\t\t<div class=\"elementor-widget-wrap elementor-element-populated\">\n\t\t\t\t\t\t<div class=\"elementor-element elementor-element-c4d0ea8 elementor-widget elementor-widget-text-editor\" data-id=\"c4d0ea8\" data-element_type=\"widget\" data-e-type=\"widget\" data-widget_type=\"text-editor.default\">\n\t\t\t\t<div class=\"elementor-widget-container\">\n\t\t\t\t\t\t\t\t\t<p>Ruandas Pr\u00e4sident Paul Kagame begr\u00fcndet die Pr\u00e4senz seiner Armee im Ostkongo mit dem Schutz der dort lebenden Tutsi-Minderheit \u2013 \u00e4hnlich wie Putin die Annexion der Krim rechtfertigte. Die ruandische Armee hat zusammen mit den M23-Rebellen und einem neu gegr\u00fcndeten politisch-milit\u00e4rischen Oppositionsb\u00fcndnis aus kongolesischen Politikern namens \u201eAlliance Fleuve Congo\u201c (AFC) das Machtvakuum in der westlichen Welt, u.a. Machtwechsel in den USA, genutzt, um die strategisch wichtige Stadt im Ostkongo einzunehmen. Der grundlegende Unterschied zu 2013 ist die heutige einflussreiche diplomatische Position Ruandas auf der Weltb\u00fchne.<\/p><p><br \/>Westliche L\u00e4nder sehen Ruanda als einen wichtigen und zuverl\u00e4ssigen Partner auf dem afrikanischen Kontinent. Die Europ\u00e4ische Union unterst\u00fctzte die ruandische Armee im Jahr 2022 mit 20 Millionen Euro f\u00fcr eine Friedensmission in Mosambik. Die milit\u00e4rische Unterst\u00fctzung liegt im nationalen Interesse Frankreichs, da franz\u00f6sische Energieunternehmen im Gassektor in Mosambik t\u00e4tig sind. Es gilt daher als unwahrscheinlich, dass Frankreich angesichts seines anhaltenden Verlustes an Einfluss auf dem afrikanischen Kontinent seine privilegierten Beziehungen zu Ruanda aufs Spiel setzt, indem es das Land auffordert, sich aus dem Ostkongo zur\u00fcckzuziehen.<\/p><p><br \/>Die Regierung Gro\u00dfbritanniens hatte 2023 ein Migrationsabkommen mit Ruanda geschlossen, dass die Abschiebung irregul\u00e4rer Migrationen aus Gro\u00dfbritannien nach Ruanda vorsah. Das Vorhaben wurde zwar vom britischen Obersten Gerichtshof als rechtswidrig erkl\u00e4rt, dennoch zeigt es, dass Europa Ruanda im Blick hat. So ist Ruanda auch Teil eines Abkommens mit der EU, welches der EU den Zugang zu wichtigen Rohstoffquellen sichern soll.<\/p>\t\t\t\t\t\t\t\t<\/div>\n\t\t\t\t<\/div>\n\t\t\t\t\t<\/div>\n\t\t<\/div>\n\t\t\t\t\t<\/div>\n\t\t<\/section>\n\t\t\t\t<section class=\"elementor-section elementor-top-section elementor-element elementor-element-bbf251f elementor-section-boxed elementor-section-height-default elementor-section-height-default qodef-elementor-content-no\" data-id=\"bbf251f\" data-element_type=\"section\" data-e-type=\"section\">\n\t\t\t\t\t\t<div class=\"elementor-container elementor-column-gap-default\">\n\t\t\t\t\t<div class=\"elementor-column elementor-col-100 elementor-top-column elementor-element elementor-element-8a6033e\" data-id=\"8a6033e\" data-element_type=\"column\" data-e-type=\"column\">\n\t\t\t<div class=\"elementor-widget-wrap elementor-element-populated\">\n\t\t\t\t\t\t<div class=\"elementor-element elementor-element-c24bb24 elementor-widget elementor-widget-heading\" data-id=\"c24bb24\" data-element_type=\"widget\" data-e-type=\"widget\" data-widget_type=\"heading.default\">\n\t\t\t\t<div class=\"elementor-widget-container\">\n\t\t\t\t\t<h3 class=\"elementor-heading-title elementor-size-default\">Ruandas wachsende Macht: Gefahr f\u00fcr den Kongo und die Region? <\/h3>\t\t\t\t<\/div>\n\t\t\t\t<\/div>\n\t\t\t\t\t<\/div>\n\t\t<\/div>\n\t\t\t\t\t<\/div>\n\t\t<\/section>\n\t\t\t\t<section class=\"elementor-section elementor-top-section elementor-element elementor-element-2a822c0 elementor-section-boxed elementor-section-height-default elementor-section-height-default qodef-elementor-content-no\" data-id=\"2a822c0\" data-element_type=\"section\" data-e-type=\"section\">\n\t\t\t\t\t\t<div class=\"elementor-container elementor-column-gap-default\">\n\t\t\t\t\t<div class=\"elementor-column elementor-col-100 elementor-top-column elementor-element elementor-element-37fa53b\" data-id=\"37fa53b\" data-element_type=\"column\" data-e-type=\"column\">\n\t\t\t<div class=\"elementor-widget-wrap elementor-element-populated\">\n\t\t\t\t\t\t<div class=\"elementor-element elementor-element-da53b9a elementor-widget elementor-widget-text-editor\" data-id=\"da53b9a\" data-element_type=\"widget\" data-e-type=\"widget\" data-widget_type=\"text-editor.default\">\n\t\t\t\t<div class=\"elementor-widget-container\">\n\t\t\t\t\t\t\t\t\t<p>Die privilegierte Position Ruandas in der Weltgemeinschaft zeigt, dass, anders als bei der ersten Eroberung Gomas, der internationale Druck auf Ruanda nicht so gro\u00df ist. Diese Zur\u00fcckhaltung k\u00f6nnte Ruanda und die verb\u00fcndeten Rebellen bekr\u00e4ftigen, weitere St\u00e4dte im Osten des Landes einzunehmen. Eine Ausweitung der Pr\u00e4senz der Rebellen in S\u00fcd-Kivu k\u00f6nnte zu einem regionalen Konflikt f\u00fchren, da die Bedrohungslage f\u00fcr Nachbarl\u00e4nder wie Burundi und Uganda, die an den Kongo und Ruanda grenzen, w\u00e4chst, wenn Ruanda seinen Einfluss in der Region weiter ausbaut.<\/p><p><br \/>Wenn sich die Truppen weiter in Richtung Kinshasa bewegen werden, wie die Anf\u00fchrer der M23 und der AFC auf einer Pressekonferenz nach der \u00dcbernahme Gomas angek\u00fcndigt haben, k\u00f6nnten die Unruhen ernsthafte Auswirkungen haben, wie sie das Land auch 1997 erlebte. Damals st\u00fcrzte Laurent Desir\u00e9 Kabila den amtierenden Pr\u00e4sidenten des Kongo, Sese Seko Mobutu, mit Gewalt. Dieses Szenario ist derzeit aber eher unwahrscheinlich, da hinter den Kulissen zunehmend diplomatische Bem\u00fchungen von Vertretern afrikanischer Staaten unternommen werden, um eine friedliche L\u00f6sung des Konflikts zwischen der DR Kongo und Ruanda zu finden.<\/p><p><br \/>Die milit\u00e4rische Schw\u00e4che des kongolesischen Staates wurde durch den Verlust der stark gesch\u00fctzten Stadt Goma deutlich. Je l\u00e4nger die Verhandlungen andauern und je weiter sich die Rebellen im Ostkongo vorarbeiten, desto fragiler wird der Staat. Das Risiko eines Staatstreichs steigt. Bereits im vergangenen Jahr hatte eine bewaffnete Gruppe versucht, die Kontrolle \u00fcber das Pr\u00e4sidialamt zu \u00fcbernehmen. Dieser Staatsstreich ist zwar gescheitert, die Voraussetzungen f\u00fcr einen neuen Versuch sind jedoch durchaus gegeben.<\/p><p><br \/>Um eine Eskalation des Konflikts zu verhindern, m\u00fcssten die internationalen Akteure Ruanda in aller Deutlichkeit auffordern, seine Truppen aus dem Ostkongo zur\u00fcckzuziehen. Dies geschieht bisher nur zur\u00fcckhaltend. W\u00e4hrenddessen haben sich die Vertreter afrikanischer L\u00e4nder bereits zu einem Sondergipfel in Tansania getroffen, um \u00fcber Pl\u00e4ne zur Beendigung des Konflikts, der bereits Tausende Opfer gefordert und Millionen Kongolesen in die Flucht getrieben hat, zu beraten.<\/p>\t\t\t\t\t\t\t\t<\/div>\n\t\t\t\t<\/div>\n\t\t\t\t\t<\/div>\n\t\t<\/div>\n\t\t\t\t\t<\/div>\n\t\t<\/section>\n\t\t\t\t<section class=\"elementor-section elementor-top-section elementor-element elementor-element-c8fcb9b elementor-section-boxed elementor-section-height-default elementor-section-height-default qodef-elementor-content-no\" data-id=\"c8fcb9b\" data-element_type=\"section\" data-e-type=\"section\">\n\t\t\t\t\t\t<div class=\"elementor-container elementor-column-gap-default\">\n\t\t\t\t\t<div class=\"elementor-column elementor-col-100 elementor-top-column elementor-element elementor-element-9765810\" data-id=\"9765810\" data-element_type=\"column\" data-e-type=\"column\">\n\t\t\t<div class=\"elementor-widget-wrap elementor-element-populated\">\n\t\t\t\t\t\t<div class=\"elementor-element elementor-element-8611a9f elementor-widget elementor-widget-image\" data-id=\"8611a9f\" data-element_type=\"widget\" data-e-type=\"widget\" data-widget_type=\"image.default\">\n\t\t\t\t<div class=\"elementor-widget-container\">\n\t\t\t\t\t\t\t\t\t\t\t\t<figure class=\"wp-caption\">\n\t\t\t\t\t\t\t\t\t\t<img fetchpriority=\"high\" decoding=\"async\" width=\"768\" height=\"512\" src=\"https:\/\/fhs.cd\/de\/wp-content\/uploads\/2025\/02\/2019-02-11_Kinshasa_Fahrt_NTSIO_MD_0021-1-768x512.jpg\" class=\"attachment-medium_large size-medium_large wp-image-4201\" alt=\"\" srcset=\"https:\/\/fhs.cd\/de\/wp-content\/uploads\/2025\/02\/2019-02-11_Kinshasa_Fahrt_NTSIO_MD_0021-1-768x512.jpg 768w, https:\/\/fhs.cd\/de\/wp-content\/uploads\/2025\/02\/2019-02-11_Kinshasa_Fahrt_NTSIO_MD_0021-1-300x200.jpg 300w, https:\/\/fhs.cd\/de\/wp-content\/uploads\/2025\/02\/2019-02-11_Kinshasa_Fahrt_NTSIO_MD_0021-1-1024x683.jpg 1024w, https:\/\/fhs.cd\/de\/wp-content\/uploads\/2025\/02\/2019-02-11_Kinshasa_Fahrt_NTSIO_MD_0021-1-1536x1024.jpg 1536w, https:\/\/fhs.cd\/de\/wp-content\/uploads\/2025\/02\/2019-02-11_Kinshasa_Fahrt_NTSIO_MD_0021-1-2048x1365.jpg 2048w\" sizes=\"(max-width: 768px) 100vw, 768px\" \/>\t\t\t\t\t\t\t\t\t\t\t<figcaption class=\"widget-image-caption wp-caption-text\">Die Stimmung in der kongolesischen Hauptstadt Kinshasa bleibt trotz der scheinbaren R\u00fcckkehr zur Normalit\u00e4t angespannt<\/figcaption>\n\t\t\t\t\t\t\t\t\t\t<\/figure>\n\t\t\t\t\t\t\t\t\t<\/div>\n\t\t\t\t<\/div>\n\t\t\t\t\t<\/div>\n\t\t<\/div>\n\t\t\t\t\t<\/div>\n\t\t<\/section>\n\t\t\t\t<\/div>\n\t\t","protected":false},"excerpt":{"rendered":"<p>Mit der erneuten Einnahme Gomas durch Rebellen und die ruandische Armee eskaliert der jahrzehntelange Konflikt [&hellip;]<\/p>\n","protected":false},"author":1,"featured_media":0,"comment_status":"closed","ping_status":"closed","sticky":false,"template":"","format":"standard","meta":{"_crdt_document":"","footnotes":""},"categories":[2],"tags":[],"class_list":["post-4199","post","type-post","status-publish","format-standard","hentry","category-actualites"],"yoast_head":"<!-- This site is optimized with the Yoast SEO plugin v27.4 - https:\/\/yoast.com\/product\/yoast-seo-wordpress\/ -->\r\n<title>Kongo in der Krise | Fondation Hanns Seidel<\/title>\r\n<meta name=\"robots\" content=\"index, follow, max-snippet:-1, max-image-preview:large, max-video-preview:-1\" \/>\r\n<link rel=\"canonical\" href=\"https:\/\/fhs.cd\/de\/2025\/02\/13\/kongo-in-der-krise\/\" \/>\r\n<meta property=\"og:locale\" content=\"fr_FR\" \/>\r\n<meta property=\"og:type\" content=\"article\" \/>\r\n<meta property=\"og:title\" content=\"Kongo in der Krise | Fondation Hanns Seidel\" \/>\r\n<meta property=\"og:description\" content=\"Mit der erneuten Einnahme Gomas durch Rebellen und die ruandische Armee eskaliert der jahrzehntelange Konflikt [&hellip;]\" \/>\r\n<meta property=\"og:url\" content=\"https:\/\/fhs.cd\/de\/2025\/02\/13\/kongo-in-der-krise\/\" \/>\r\n<meta property=\"og:site_name\" content=\"Fondation Hanns Seidel\" \/>\r\n<meta property=\"article:published_time\" content=\"2025-02-13T13:00:08+00:00\" \/>\r\n<meta property=\"article:modified_time\" content=\"2025-02-13T13:02:51+00:00\" \/>\r\n<meta property=\"og:image\" content=\"https:\/\/fhs.cd\/de\/wp-content\/uploads\/2025\/02\/2019-02-11_Kinshasa_Fahrt_NTSIO_MD_0021-1-scaled.jpg\" \/>\r\n\t<meta property=\"og:image:width\" content=\"2560\" \/>\r\n\t<meta property=\"og:image:height\" content=\"1707\" \/>\r\n\t<meta property=\"og:image:type\" content=\"image\/jpeg\" \/>\r\n<meta name=\"author\" content=\"fhsrdc\" \/>\r\n<meta name=\"twitter:card\" content=\"summary_large_image\" \/>\r\n<meta name=\"twitter:label1\" content=\"\u00c9crit par\" \/>\n\t<meta name=\"twitter:data1\" content=\"fhsrdc\" \/>\n\t<meta name=\"twitter:label2\" content=\"Dur\u00e9e de lecture estim\u00e9e\" \/>\n\t<meta name=\"twitter:data2\" content=\"4 minutes\" \/>\r\n<script type=\"application\/ld+json\" class=\"yoast-schema-graph\">{\"@context\":\"https:\\\/\\\/schema.org\",\"@graph\":[{\"@type\":\"Article\",\"@id\":\"https:\\\/\\\/fhs.cd\\\/de\\\/2025\\\/02\\\/13\\\/kongo-in-der-krise\\\/#article\",\"isPartOf\":{\"@id\":\"https:\\\/\\\/fhs.cd\\\/de\\\/2025\\\/02\\\/13\\\/kongo-in-der-krise\\\/\"},\"author\":{\"name\":\"fhsrdc\",\"@id\":\"https:\\\/\\\/fhs.cd\\\/de\\\/#\\\/schema\\\/person\\\/0edc88059a683937768cf80341c5cfdd\"},\"headline\":\"Kongo in der Krise\",\"datePublished\":\"2025-02-13T13:00:08+00:00\",\"dateModified\":\"2025-02-13T13:02:51+00:00\",\"mainEntityOfPage\":{\"@id\":\"https:\\\/\\\/fhs.cd\\\/de\\\/2025\\\/02\\\/13\\\/kongo-in-der-krise\\\/\"},\"wordCount\":763,\"publisher\":{\"@id\":\"https:\\\/\\\/fhs.cd\\\/de\\\/#organization\"},\"image\":{\"@id\":\"https:\\\/\\\/fhs.cd\\\/de\\\/2025\\\/02\\\/13\\\/kongo-in-der-krise\\\/#primaryimage\"},\"thumbnailUrl\":\"https:\\\/\\\/fhs.cd\\\/de\\\/wp-content\\\/uploads\\\/2025\\\/02\\\/2019-02-11_Kinshasa_Fahrt_NTSIO_MD_0021-1-768x512.jpg\",\"articleSection\":[\"Actualit\u00e9s\"],\"inLanguage\":\"fr-FR\"},{\"@type\":\"WebPage\",\"@id\":\"https:\\\/\\\/fhs.cd\\\/de\\\/2025\\\/02\\\/13\\\/kongo-in-der-krise\\\/\",\"url\":\"https:\\\/\\\/fhs.cd\\\/de\\\/2025\\\/02\\\/13\\\/kongo-in-der-krise\\\/\",\"name\":\"Kongo in der Krise | Fondation Hanns Seidel\",\"isPartOf\":{\"@id\":\"https:\\\/\\\/fhs.cd\\\/de\\\/#website\"},\"primaryImageOfPage\":{\"@id\":\"https:\\\/\\\/fhs.cd\\\/de\\\/2025\\\/02\\\/13\\\/kongo-in-der-krise\\\/#primaryimage\"},\"image\":{\"@id\":\"https:\\\/\\\/fhs.cd\\\/de\\\/2025\\\/02\\\/13\\\/kongo-in-der-krise\\\/#primaryimage\"},\"thumbnailUrl\":\"https:\\\/\\\/fhs.cd\\\/de\\\/wp-content\\\/uploads\\\/2025\\\/02\\\/2019-02-11_Kinshasa_Fahrt_NTSIO_MD_0021-1-768x512.jpg\",\"datePublished\":\"2025-02-13T13:00:08+00:00\",\"dateModified\":\"2025-02-13T13:02:51+00:00\",\"breadcrumb\":{\"@id\":\"https:\\\/\\\/fhs.cd\\\/de\\\/2025\\\/02\\\/13\\\/kongo-in-der-krise\\\/#breadcrumb\"},\"inLanguage\":\"fr-FR\",\"potentialAction\":[{\"@type\":\"ReadAction\",\"target\":[\"https:\\\/\\\/fhs.cd\\\/de\\\/2025\\\/02\\\/13\\\/kongo-in-der-krise\\\/\"]}]},{\"@type\":\"ImageObject\",\"inLanguage\":\"fr-FR\",\"@id\":\"https:\\\/\\\/fhs.cd\\\/de\\\/2025\\\/02\\\/13\\\/kongo-in-der-krise\\\/#primaryimage\",\"url\":\"https:\\\/\\\/fhs.cd\\\/de\\\/wp-content\\\/uploads\\\/2025\\\/02\\\/2019-02-11_Kinshasa_Fahrt_NTSIO_MD_0021-1-scaled.jpg\",\"contentUrl\":\"https:\\\/\\\/fhs.cd\\\/de\\\/wp-content\\\/uploads\\\/2025\\\/02\\\/2019-02-11_Kinshasa_Fahrt_NTSIO_MD_0021-1-scaled.jpg\",\"width\":2560,\"height\":1707},{\"@type\":\"BreadcrumbList\",\"@id\":\"https:\\\/\\\/fhs.cd\\\/de\\\/2025\\\/02\\\/13\\\/kongo-in-der-krise\\\/#breadcrumb\",\"itemListElement\":[{\"@type\":\"ListItem\",\"position\":1,\"name\":\"Accueil\",\"item\":\"https:\\\/\\\/fhs.cd\\\/de\\\/\"},{\"@type\":\"ListItem\",\"position\":2,\"name\":\"Kongo in der Krise\"}]},{\"@type\":\"WebSite\",\"@id\":\"https:\\\/\\\/fhs.cd\\\/de\\\/#website\",\"url\":\"https:\\\/\\\/fhs.cd\\\/de\\\/\",\"name\":\"Fondation Hanns Seidel\",\"description\":\"\",\"publisher\":{\"@id\":\"https:\\\/\\\/fhs.cd\\\/de\\\/#organization\"},\"potentialAction\":[{\"@type\":\"SearchAction\",\"target\":{\"@type\":\"EntryPoint\",\"urlTemplate\":\"https:\\\/\\\/fhs.cd\\\/de\\\/?s={search_term_string}\"},\"query-input\":{\"@type\":\"PropertyValueSpecification\",\"valueRequired\":true,\"valueName\":\"search_term_string\"}}],\"inLanguage\":\"fr-FR\"},{\"@type\":\"Organization\",\"@id\":\"https:\\\/\\\/fhs.cd\\\/de\\\/#organization\",\"name\":\"Fondation Hanns Seidel\",\"url\":\"https:\\\/\\\/fhs.cd\\\/de\\\/\",\"logo\":{\"@type\":\"ImageObject\",\"inLanguage\":\"fr-FR\",\"@id\":\"https:\\\/\\\/fhs.cd\\\/de\\\/#\\\/schema\\\/logo\\\/image\\\/\",\"url\":\"https:\\\/\\\/fhs.cd\\\/de\\\/wp-content\\\/uploads\\\/2023\\\/01\\\/cropped-FHS-Logo_fran_RGB_40.jpg\",\"contentUrl\":\"https:\\\/\\\/fhs.cd\\\/de\\\/wp-content\\\/uploads\\\/2023\\\/01\\\/cropped-FHS-Logo_fran_RGB_40.jpg\",\"width\":570,\"height\":280,\"caption\":\"Fondation Hanns Seidel\"},\"image\":{\"@id\":\"https:\\\/\\\/fhs.cd\\\/de\\\/#\\\/schema\\\/logo\\\/image\\\/\"}},{\"@type\":\"Person\",\"@id\":\"https:\\\/\\\/fhs.cd\\\/de\\\/#\\\/schema\\\/person\\\/0edc88059a683937768cf80341c5cfdd\",\"name\":\"fhsrdc\",\"image\":{\"@type\":\"ImageObject\",\"inLanguage\":\"fr-FR\",\"@id\":\"https:\\\/\\\/secure.gravatar.com\\\/avatar\\\/27d7adb6e80798119549764ea842f88319a9cf7528072eeaa23e3a863a8481fb?s=96&d=mm&r=g\",\"url\":\"https:\\\/\\\/secure.gravatar.com\\\/avatar\\\/27d7adb6e80798119549764ea842f88319a9cf7528072eeaa23e3a863a8481fb?s=96&d=mm&r=g\",\"contentUrl\":\"https:\\\/\\\/secure.gravatar.com\\\/avatar\\\/27d7adb6e80798119549764ea842f88319a9cf7528072eeaa23e3a863a8481fb?s=96&d=mm&r=g\",\"caption\":\"fhsrdc\"},\"sameAs\":[\"https:\\\/\\\/fhs.cd\\\/de\"],\"url\":\"https:\\\/\\\/fhs.cd\\\/de\\\/author\\\/fhsrdc\\\/\"}]}<\/script>\r\n<!-- \/ Yoast SEO plugin. -->","yoast_head_json":{"title":"Kongo in der Krise | Fondation Hanns Seidel","robots":{"index":"index","follow":"follow","max-snippet":"max-snippet:-1","max-image-preview":"max-image-preview:large","max-video-preview":"max-video-preview:-1"},"canonical":"https:\/\/fhs.cd\/de\/2025\/02\/13\/kongo-in-der-krise\/","og_locale":"fr_FR","og_type":"article","og_title":"Kongo in der Krise | Fondation Hanns Seidel","og_description":"Mit der erneuten Einnahme Gomas durch Rebellen und die ruandische Armee eskaliert der jahrzehntelange Konflikt [&hellip;]","og_url":"https:\/\/fhs.cd\/de\/2025\/02\/13\/kongo-in-der-krise\/","og_site_name":"Fondation Hanns Seidel","article_published_time":"2025-02-13T13:00:08+00:00","article_modified_time":"2025-02-13T13:02:51+00:00","og_image":[{"width":2560,"height":1707,"url":"https:\/\/fhs.cd\/de\/wp-content\/uploads\/2025\/02\/2019-02-11_Kinshasa_Fahrt_NTSIO_MD_0021-1-scaled.jpg","type":"image\/jpeg"}],"author":"fhsrdc","twitter_card":"summary_large_image","twitter_misc":{"\u00c9crit par":"fhsrdc","Dur\u00e9e de lecture estim\u00e9e":"4 minutes"},"schema":{"@context":"https:\/\/schema.org","@graph":[{"@type":"Article","@id":"https:\/\/fhs.cd\/de\/2025\/02\/13\/kongo-in-der-krise\/#article","isPartOf":{"@id":"https:\/\/fhs.cd\/de\/2025\/02\/13\/kongo-in-der-krise\/"},"author":{"name":"fhsrdc","@id":"https:\/\/fhs.cd\/de\/#\/schema\/person\/0edc88059a683937768cf80341c5cfdd"},"headline":"Kongo in der Krise","datePublished":"2025-02-13T13:00:08+00:00","dateModified":"2025-02-13T13:02:51+00:00","mainEntityOfPage":{"@id":"https:\/\/fhs.cd\/de\/2025\/02\/13\/kongo-in-der-krise\/"},"wordCount":763,"publisher":{"@id":"https:\/\/fhs.cd\/de\/#organization"},"image":{"@id":"https:\/\/fhs.cd\/de\/2025\/02\/13\/kongo-in-der-krise\/#primaryimage"},"thumbnailUrl":"https:\/\/fhs.cd\/de\/wp-content\/uploads\/2025\/02\/2019-02-11_Kinshasa_Fahrt_NTSIO_MD_0021-1-768x512.jpg","articleSection":["Actualit\u00e9s"],"inLanguage":"fr-FR"},{"@type":"WebPage","@id":"https:\/\/fhs.cd\/de\/2025\/02\/13\/kongo-in-der-krise\/","url":"https:\/\/fhs.cd\/de\/2025\/02\/13\/kongo-in-der-krise\/","name":"Kongo in der Krise | Fondation Hanns Seidel","isPartOf":{"@id":"https:\/\/fhs.cd\/de\/#website"},"primaryImageOfPage":{"@id":"https:\/\/fhs.cd\/de\/2025\/02\/13\/kongo-in-der-krise\/#primaryimage"},"image":{"@id":"https:\/\/fhs.cd\/de\/2025\/02\/13\/kongo-in-der-krise\/#primaryimage"},"thumbnailUrl":"https:\/\/fhs.cd\/de\/wp-content\/uploads\/2025\/02\/2019-02-11_Kinshasa_Fahrt_NTSIO_MD_0021-1-768x512.jpg","datePublished":"2025-02-13T13:00:08+00:00","dateModified":"2025-02-13T13:02:51+00:00","breadcrumb":{"@id":"https:\/\/fhs.cd\/de\/2025\/02\/13\/kongo-in-der-krise\/#breadcrumb"},"inLanguage":"fr-FR","potentialAction":[{"@type":"ReadAction","target":["https:\/\/fhs.cd\/de\/2025\/02\/13\/kongo-in-der-krise\/"]}]},{"@type":"ImageObject","inLanguage":"fr-FR","@id":"https:\/\/fhs.cd\/de\/2025\/02\/13\/kongo-in-der-krise\/#primaryimage","url":"https:\/\/fhs.cd\/de\/wp-content\/uploads\/2025\/02\/2019-02-11_Kinshasa_Fahrt_NTSIO_MD_0021-1-scaled.jpg","contentUrl":"https:\/\/fhs.cd\/de\/wp-content\/uploads\/2025\/02\/2019-02-11_Kinshasa_Fahrt_NTSIO_MD_0021-1-scaled.jpg","width":2560,"height":1707},{"@type":"BreadcrumbList","@id":"https:\/\/fhs.cd\/de\/2025\/02\/13\/kongo-in-der-krise\/#breadcrumb","itemListElement":[{"@type":"ListItem","position":1,"name":"Accueil","item":"https:\/\/fhs.cd\/de\/"},{"@type":"ListItem","position":2,"name":"Kongo in der Krise"}]},{"@type":"WebSite","@id":"https:\/\/fhs.cd\/de\/#website","url":"https:\/\/fhs.cd\/de\/","name":"Fondation Hanns Seidel","description":"","publisher":{"@id":"https:\/\/fhs.cd\/de\/#organization"},"potentialAction":[{"@type":"SearchAction","target":{"@type":"EntryPoint","urlTemplate":"https:\/\/fhs.cd\/de\/?s={search_term_string}"},"query-input":{"@type":"PropertyValueSpecification","valueRequired":true,"valueName":"search_term_string"}}],"inLanguage":"fr-FR"},{"@type":"Organization","@id":"https:\/\/fhs.cd\/de\/#organization","name":"Fondation Hanns Seidel","url":"https:\/\/fhs.cd\/de\/","logo":{"@type":"ImageObject","inLanguage":"fr-FR","@id":"https:\/\/fhs.cd\/de\/#\/schema\/logo\/image\/","url":"https:\/\/fhs.cd\/de\/wp-content\/uploads\/2023\/01\/cropped-FHS-Logo_fran_RGB_40.jpg","contentUrl":"https:\/\/fhs.cd\/de\/wp-content\/uploads\/2023\/01\/cropped-FHS-Logo_fran_RGB_40.jpg","width":570,"height":280,"caption":"Fondation Hanns Seidel"},"image":{"@id":"https:\/\/fhs.cd\/de\/#\/schema\/logo\/image\/"}},{"@type":"Person","@id":"https:\/\/fhs.cd\/de\/#\/schema\/person\/0edc88059a683937768cf80341c5cfdd","name":"fhsrdc","image":{"@type":"ImageObject","inLanguage":"fr-FR","@id":"https:\/\/secure.gravatar.com\/avatar\/27d7adb6e80798119549764ea842f88319a9cf7528072eeaa23e3a863a8481fb?s=96&d=mm&r=g","url":"https:\/\/secure.gravatar.com\/avatar\/27d7adb6e80798119549764ea842f88319a9cf7528072eeaa23e3a863a8481fb?s=96&d=mm&r=g","contentUrl":"https:\/\/secure.gravatar.com\/avatar\/27d7adb6e80798119549764ea842f88319a9cf7528072eeaa23e3a863a8481fb?s=96&d=mm&r=g","caption":"fhsrdc"},"sameAs":["https:\/\/fhs.cd\/de"],"url":"https:\/\/fhs.cd\/de\/author\/fhsrdc\/"}]}},"jetpack_featured_media_url":"","_links":{"self":[{"href":"https:\/\/fhs.cd\/de\/wp-json\/wp\/v2\/posts\/4199","targetHints":{"allow":["GET"]}}],"collection":[{"href":"https:\/\/fhs.cd\/de\/wp-json\/wp\/v2\/posts"}],"about":[{"href":"https:\/\/fhs.cd\/de\/wp-json\/wp\/v2\/types\/post"}],"author":[{"embeddable":true,"href":"https:\/\/fhs.cd\/de\/wp-json\/wp\/v2\/users\/1"}],"replies":[{"embeddable":true,"href":"https:\/\/fhs.cd\/de\/wp-json\/wp\/v2\/comments?post=4199"}],"version-history":[{"count":5,"href":"https:\/\/fhs.cd\/de\/wp-json\/wp\/v2\/posts\/4199\/revisions"}],"predecessor-version":[{"id":4205,"href":"https:\/\/fhs.cd\/de\/wp-json\/wp\/v2\/posts\/4199\/revisions\/4205"}],"wp:attachment":[{"href":"https:\/\/fhs.cd\/de\/wp-json\/wp\/v2\/media?parent=4199"}],"wp:term":[{"taxonomy":"category","embeddable":true,"href":"https:\/\/fhs.cd\/de\/wp-json\/wp\/v2\/categories?post=4199"},{"taxonomy":"post_tag","embeddable":true,"href":"https:\/\/fhs.cd\/de\/wp-json\/wp\/v2\/tags?post=4199"}],"curies":[{"name":"wp","href":"https:\/\/api.w.org\/{rel}","templated":true}]}}