{"id":3793,"date":"2023-04-20T13:50:37","date_gmt":"2023-04-20T13:50:37","guid":{"rendered":"https:\/\/fhs.cd\/de\/?p=3793"},"modified":"2023-04-20T13:50:39","modified_gmt":"2023-04-20T13:50:39","slug":"besuch-bayerischer-abgeordneter-im-kongo","status":"publish","type":"post","link":"https:\/\/fhs.cd\/de\/2023\/04\/20\/besuch-bayerischer-abgeordneter-im-kongo\/","title":{"rendered":"Besuch bayerischer Abgeordneter im Kongo"},"content":{"rendered":"\t\t<div data-elementor-type=\"wp-post\" data-elementor-id=\"3793\" class=\"elementor elementor-3793\">\n\t\t\t\t\t\t<section class=\"elementor-section elementor-top-section elementor-element elementor-element-0308a47 elementor-section-boxed elementor-section-height-default elementor-section-height-default qodef-elementor-content-no\" data-id=\"0308a47\" data-element_type=\"section\" data-e-type=\"section\">\n\t\t\t\t\t\t<div class=\"elementor-container elementor-column-gap-default\">\n\t\t\t\t\t<div class=\"elementor-column elementor-col-50 elementor-top-column elementor-element elementor-element-d4ed596\" data-id=\"d4ed596\" data-element_type=\"column\" data-e-type=\"column\">\n\t\t\t<div class=\"elementor-widget-wrap elementor-element-populated\">\n\t\t\t\t\t\t<div class=\"elementor-element elementor-element-facd7c4 elementor-widget elementor-widget-text-editor\" data-id=\"facd7c4\" data-element_type=\"widget\" data-e-type=\"widget\" data-widget_type=\"text-editor.default\">\n\t\t\t\t<div class=\"elementor-widget-container\">\n\t\t\t\t\t\t\t\t\t<p>Im M\u00e4rz erhielt die Hanns-Seidel-Stiftung in der DR Kongo Besuch von einer Delegation der entwicklungspolitischen Sprecher des Bayerischen Landtags. Ziel des Besuchs in der DRK war es, die Arbeit der Stiftung im Kongo kennenzulernen und die Potenziale f\u00fcr eine nachhaltige Entwicklung des Landes zu sehen. Im Austausch mit zahlreichen entwicklungspolitisch engagierten Akteuren in der DRK, insbesondere den Partnern der HSS, erhielten sie einen Einblick in die von der HSS finanzierten Aktivit\u00e4ten in den Bereichen Jugend- und Frauenunternehmertum, Agroforstwirtschaft, politische Bildung und Frauenf\u00f6rderung in Kinshasa und auf dem Plateau Bat\u00e9k\u00e9.<\/p>\t\t\t\t\t\t\t\t<\/div>\n\t\t\t\t<\/div>\n\t\t\t\t\t<\/div>\n\t\t<\/div>\n\t\t\t\t<div class=\"elementor-column elementor-col-50 elementor-top-column elementor-element elementor-element-077e8c8\" data-id=\"077e8c8\" data-element_type=\"column\" data-e-type=\"column\">\n\t\t\t<div class=\"elementor-widget-wrap elementor-element-populated\">\n\t\t\t\t\t\t<div class=\"elementor-element elementor-element-d684c8a elementor-widget elementor-widget-image\" data-id=\"d684c8a\" data-element_type=\"widget\" data-e-type=\"widget\" data-widget_type=\"image.default\">\n\t\t\t\t<div class=\"elementor-widget-container\">\n\t\t\t\t\t\t\t\t\t\t\t\t<figure class=\"wp-caption\">\n\t\t\t\t\t\t\t\t\t\t<img fetchpriority=\"high\" decoding=\"async\" width=\"1024\" height=\"678\" src=\"https:\/\/fhs.cd\/de\/wp-content\/uploads\/2023\/04\/DSC_7602-1024x678.jpg\" class=\"attachment-large size-large wp-image-3796\" alt=\"\" srcset=\"https:\/\/fhs.cd\/de\/wp-content\/uploads\/2023\/04\/DSC_7602-1024x678.jpg 1024w, https:\/\/fhs.cd\/de\/wp-content\/uploads\/2023\/04\/DSC_7602-300x199.jpg 300w, https:\/\/fhs.cd\/de\/wp-content\/uploads\/2023\/04\/DSC_7602-768x508.jpg 768w, https:\/\/fhs.cd\/de\/wp-content\/uploads\/2023\/04\/DSC_7602-1536x1017.jpg 1536w, https:\/\/fhs.cd\/de\/wp-content\/uploads\/2023\/04\/DSC_7602.jpg 1900w\" sizes=\"(max-width: 1024px) 100vw, 1024px\" \/>\t\t\t\t\t\t\t\t\t\t\t<figcaption class=\"widget-image-caption wp-caption-text\">\u00a9 KinStart Up Academy<\/figcaption>\n\t\t\t\t\t\t\t\t\t\t<\/figure>\n\t\t\t\t\t\t\t\t\t<\/div>\n\t\t\t\t<\/div>\n\t\t\t\t\t<\/div>\n\t\t<\/div>\n\t\t\t\t\t<\/div>\n\t\t<\/section>\n\t\t\t\t<section class=\"elementor-section elementor-top-section elementor-element elementor-element-e5b098f elementor-section-boxed elementor-section-height-default elementor-section-height-default qodef-elementor-content-no\" data-id=\"e5b098f\" data-element_type=\"section\" data-e-type=\"section\">\n\t\t\t\t\t\t<div class=\"elementor-container elementor-column-gap-default\">\n\t\t\t\t\t<div class=\"elementor-column elementor-col-50 elementor-top-column elementor-element elementor-element-19fdd30\" data-id=\"19fdd30\" data-element_type=\"column\" data-e-type=\"column\">\n\t\t\t<div class=\"elementor-widget-wrap elementor-element-populated\">\n\t\t\t\t\t\t<div class=\"elementor-element elementor-element-52c248e elementor-widget elementor-widget-image\" data-id=\"52c248e\" data-element_type=\"widget\" data-e-type=\"widget\" data-widget_type=\"image.default\">\n\t\t\t\t<div class=\"elementor-widget-container\">\n\t\t\t\t\t\t\t\t\t\t\t\t\t\t\t<img decoding=\"async\" width=\"1024\" height=\"576\" src=\"https:\/\/fhs.cd\/de\/wp-content\/uploads\/2023\/04\/IMG-20230316-WA0016-1024x576.jpg\" class=\"attachment-large size-large wp-image-3797\" alt=\"\" srcset=\"https:\/\/fhs.cd\/de\/wp-content\/uploads\/2023\/04\/IMG-20230316-WA0016-1024x576.jpg 1024w, https:\/\/fhs.cd\/de\/wp-content\/uploads\/2023\/04\/IMG-20230316-WA0016-300x169.jpg 300w, https:\/\/fhs.cd\/de\/wp-content\/uploads\/2023\/04\/IMG-20230316-WA0016-768x432.jpg 768w, https:\/\/fhs.cd\/de\/wp-content\/uploads\/2023\/04\/IMG-20230316-WA0016.jpg 1280w\" sizes=\"(max-width: 1024px) 100vw, 1024px\" \/>\t\t\t\t\t\t\t\t\t\t\t\t\t\t\t<\/div>\n\t\t\t\t<\/div>\n\t\t\t\t\t<\/div>\n\t\t<\/div>\n\t\t\t\t<div class=\"elementor-column elementor-col-50 elementor-top-column elementor-element elementor-element-de49682\" data-id=\"de49682\" data-element_type=\"column\" data-e-type=\"column\">\n\t\t\t<div class=\"elementor-widget-wrap elementor-element-populated\">\n\t\t\t\t\t\t<div class=\"elementor-element elementor-element-ec59d94 elementor-widget elementor-widget-text-editor\" data-id=\"ec59d94\" data-element_type=\"widget\" data-e-type=\"widget\" data-widget_type=\"text-editor.default\">\n\t\t\t\t<div class=\"elementor-widget-container\">\n\t\t\t\t\t\t\t\t\t<p>Die Reise endete in Lubumbashi in der Provinz Haut-Katanga, wo die Abgeordneten einen Austausch mit ihren Amtskollegen, den Provinzabgeordneten von Haut-Katanga, f\u00fchrten. W\u00e4hrend des interparlamentarischen Austauschs stellten sie \u00c4hnlichkeiten zwischen den beiden Regionen und Parlamenten fest, was sie dazu veranlasste, eine Fortsetzung des Austauschs in Betracht zu ziehen. Bei einer Audienz mit dem Vizegouverneur von Haut-Katanga tauschten sie sich \u00fcber die wirtschaftliche und soziale Lage in der Provinz sowie \u00fcber ein beispielhaftes Modell f\u00fcr ein Entwicklungsprojekt aus, das der Bev\u00f6lkerung zugute kommen w\u00fcrde.<\/p>\t\t\t\t\t\t\t\t<\/div>\n\t\t\t\t<\/div>\n\t\t\t\t\t<\/div>\n\t\t<\/div>\n\t\t\t\t\t<\/div>\n\t\t<\/section>\n\t\t\t\t<section class=\"elementor-section elementor-top-section elementor-element elementor-element-02bd974 elementor-section-boxed elementor-section-height-default elementor-section-height-default qodef-elementor-content-no\" data-id=\"02bd974\" data-element_type=\"section\" data-e-type=\"section\" data-settings=\"{&quot;background_background&quot;:&quot;gradient&quot;}\">\n\t\t\t\t\t\t<div class=\"elementor-container elementor-column-gap-default\">\n\t\t\t\t\t<div class=\"elementor-column elementor-col-100 elementor-top-column elementor-element elementor-element-2b2172d\" data-id=\"2b2172d\" data-element_type=\"column\" data-e-type=\"column\">\n\t\t\t<div class=\"elementor-widget-wrap elementor-element-populated\">\n\t\t\t\t\t\t<div class=\"elementor-element elementor-element-2440349 elementor-widget elementor-widget-text-editor\" data-id=\"2440349\" data-element_type=\"widget\" data-e-type=\"widget\" data-widget_type=\"text-editor.default\">\n\t\t\t\t<div class=\"elementor-widget-container\">\n\t\t\t\t\t\t\t\t\t<p>Schlie\u00dflich besuchten die Abgeordneten eine Kupfer- und Kobaltmine in Lubumbashi, um einen Einblick in die Produktion dieser in einer digitalisierten Welt sehr gefragten Mineralien zu erhalten. Kobalt ist f\u00fcr die Herstellung von wiederaufladbaren Batterien f\u00fcr Mobiltelefone und Elektroautos unerl\u00e4sslich. Es ist wichtig, einen ethischen Abbau und eine nachhaltige Lieferkette zu gew\u00e4hrleisten, damit die Menschen, die in der Bergbauregion leben, davon profitieren k\u00f6nnen. Das FHS-Team freute sich, die Delegation der bayerischen Abgeordneten in ihrem Arbeitsbereich begr\u00fc\u00dfen zu d\u00fcrfen, und dankt ihnen daf\u00fcr, dass sie die DRK als Ziel ihrer Reise gew\u00e4hlt haben.<\/p>\t\t\t\t\t\t\t\t<\/div>\n\t\t\t\t<\/div>\n\t\t\t\t\t<\/div>\n\t\t<\/div>\n\t\t\t\t\t<\/div>\n\t\t<\/section>\n\t\t\t\t<section class=\"elementor-section elementor-top-section elementor-element elementor-element-8b6924c elementor-section-boxed elementor-section-height-default elementor-section-height-default qodef-elementor-content-no\" data-id=\"8b6924c\" data-element_type=\"section\" data-e-type=\"section\">\n\t\t\t\t\t\t<div class=\"elementor-container elementor-column-gap-default\">\n\t\t\t\t\t<div class=\"elementor-column elementor-col-50 elementor-top-column elementor-element elementor-element-9ccf652\" data-id=\"9ccf652\" data-element_type=\"column\" data-e-type=\"column\">\n\t\t\t<div class=\"elementor-widget-wrap elementor-element-populated\">\n\t\t\t\t\t\t<div class=\"elementor-element elementor-element-e7bf0a3 elementor-widget elementor-widget-image\" data-id=\"e7bf0a3\" data-element_type=\"widget\" data-e-type=\"widget\" data-widget_type=\"image.default\">\n\t\t\t\t<div class=\"elementor-widget-container\">\n\t\t\t\t\t\t\t\t\t\t\t\t\t\t\t<img decoding=\"async\" width=\"1024\" height=\"768\" src=\"https:\/\/fhs.cd\/de\/wp-content\/uploads\/2023\/04\/20230317_113802-1024x768.jpg\" class=\"attachment-large size-large wp-image-3798\" alt=\"\" srcset=\"https:\/\/fhs.cd\/de\/wp-content\/uploads\/2023\/04\/20230317_113802-1024x768.jpg 1024w, https:\/\/fhs.cd\/de\/wp-content\/uploads\/2023\/04\/20230317_113802-300x225.jpg 300w, https:\/\/fhs.cd\/de\/wp-content\/uploads\/2023\/04\/20230317_113802-768x576.jpg 768w, https:\/\/fhs.cd\/de\/wp-content\/uploads\/2023\/04\/20230317_113802-1536x1152.jpg 1536w, https:\/\/fhs.cd\/de\/wp-content\/uploads\/2023\/04\/20230317_113802.jpg 1800w\" sizes=\"(max-width: 1024px) 100vw, 1024px\" \/>\t\t\t\t\t\t\t\t\t\t\t\t\t\t\t<\/div>\n\t\t\t\t<\/div>\n\t\t\t\t\t<\/div>\n\t\t<\/div>\n\t\t\t\t<div class=\"elementor-column elementor-col-50 elementor-top-column elementor-element elementor-element-8452c4e\" data-id=\"8452c4e\" data-element_type=\"column\" data-e-type=\"column\">\n\t\t\t<div class=\"elementor-widget-wrap elementor-element-populated\">\n\t\t\t\t\t\t<div class=\"elementor-element elementor-element-387b3cf elementor-widget elementor-widget-image\" data-id=\"387b3cf\" data-element_type=\"widget\" data-e-type=\"widget\" data-widget_type=\"image.default\">\n\t\t\t\t<div class=\"elementor-widget-container\">\n\t\t\t\t\t\t\t\t\t\t\t\t\t\t\t<img loading=\"lazy\" decoding=\"async\" width=\"1024\" height=\"768\" src=\"https:\/\/fhs.cd\/de\/wp-content\/uploads\/2023\/04\/20230317_155248-1024x768.jpg\" class=\"attachment-large size-large wp-image-3799\" alt=\"\" srcset=\"https:\/\/fhs.cd\/de\/wp-content\/uploads\/2023\/04\/20230317_155248-1024x768.jpg 1024w, https:\/\/fhs.cd\/de\/wp-content\/uploads\/2023\/04\/20230317_155248-300x225.jpg 300w, https:\/\/fhs.cd\/de\/wp-content\/uploads\/2023\/04\/20230317_155248-768x576.jpg 768w, https:\/\/fhs.cd\/de\/wp-content\/uploads\/2023\/04\/20230317_155248-1536x1152.jpg 1536w, https:\/\/fhs.cd\/de\/wp-content\/uploads\/2023\/04\/20230317_155248.jpg 1900w\" sizes=\"(max-width: 1024px) 100vw, 1024px\" \/>\t\t\t\t\t\t\t\t\t\t\t\t\t\t\t<\/div>\n\t\t\t\t<\/div>\n\t\t\t\t\t<\/div>\n\t\t<\/div>\n\t\t\t\t\t<\/div>\n\t\t<\/section>\n\t\t\t\t<\/div>\n\t\t","protected":false},"excerpt":{"rendered":"<p>Im M\u00e4rz erhielt die Hanns-Seidel-Stiftung in der DR Kongo Besuch von einer Delegation der entwicklungspolitischen [&hellip;]<\/p>\n","protected":false},"author":1,"featured_media":0,"comment_status":"open","ping_status":"open","sticky":false,"template":"wp-custom-template-beitrage-actualites","format":"standard","meta":{"_crdt_document":"","footnotes":""},"categories":[2],"tags":[],"class_list":["post-3793","post","type-post","status-publish","format-standard","hentry","category-actualites"],"yoast_head":"<!-- This site is optimized with the Yoast SEO plugin v27.4 - https:\/\/yoast.com\/product\/yoast-seo-wordpress\/ -->\r\n<title>Besuch bayerischer Abgeordneter im Kongo | Fondation Hanns Seidel<\/title>\r\n<meta name=\"robots\" content=\"index, follow, max-snippet:-1, max-image-preview:large, max-video-preview:-1\" \/>\r\n<link rel=\"canonical\" href=\"https:\/\/fhs.cd\/de\/2023\/04\/20\/besuch-bayerischer-abgeordneter-im-kongo\/\" \/>\r\n<meta property=\"og:locale\" content=\"fr_FR\" \/>\r\n<meta property=\"og:type\" content=\"article\" \/>\r\n<meta property=\"og:title\" content=\"Besuch bayerischer Abgeordneter im Kongo | Fondation Hanns Seidel\" \/>\r\n<meta property=\"og:description\" content=\"Im M\u00e4rz erhielt die Hanns-Seidel-Stiftung in der DR Kongo Besuch von einer Delegation der entwicklungspolitischen [&hellip;]\" \/>\r\n<meta property=\"og:url\" content=\"https:\/\/fhs.cd\/de\/2023\/04\/20\/besuch-bayerischer-abgeordneter-im-kongo\/\" \/>\r\n<meta property=\"og:site_name\" content=\"Fondation Hanns Seidel\" \/>\r\n<meta property=\"article:published_time\" content=\"2023-04-20T13:50:37+00:00\" \/>\r\n<meta property=\"article:modified_time\" content=\"2023-04-20T13:50:39+00:00\" \/>\r\n<meta property=\"og:image\" content=\"https:\/\/fhs.cd\/de\/wp-content\/uploads\/2023\/04\/DSC_7602-1024x678.jpg\" \/>\r\n<meta name=\"author\" content=\"fhsrdc\" \/>\r\n<meta name=\"twitter:card\" content=\"summary_large_image\" \/>\r\n<meta name=\"twitter:label1\" content=\"\u00c9crit par\" \/>\n\t<meta name=\"twitter:data1\" content=\"fhsrdc\" \/>\n\t<meta name=\"twitter:label2\" content=\"Dur\u00e9e de lecture estim\u00e9e\" \/>\n\t<meta name=\"twitter:data2\" content=\"3 minutes\" \/>\r\n<script type=\"application\/ld+json\" class=\"yoast-schema-graph\">{\"@context\":\"https:\\\/\\\/schema.org\",\"@graph\":[{\"@type\":\"Article\",\"@id\":\"https:\\\/\\\/fhs.cd\\\/de\\\/2023\\\/04\\\/20\\\/besuch-bayerischer-abgeordneter-im-kongo\\\/#article\",\"isPartOf\":{\"@id\":\"https:\\\/\\\/fhs.cd\\\/de\\\/2023\\\/04\\\/20\\\/besuch-bayerischer-abgeordneter-im-kongo\\\/\"},\"author\":{\"name\":\"fhsrdc\",\"@id\":\"https:\\\/\\\/fhs.cd\\\/de\\\/#\\\/schema\\\/person\\\/0edc88059a683937768cf80341c5cfdd\"},\"headline\":\"Besuch bayerischer Abgeordneter im Kongo\",\"datePublished\":\"2023-04-20T13:50:37+00:00\",\"dateModified\":\"2023-04-20T13:50:39+00:00\",\"mainEntityOfPage\":{\"@id\":\"https:\\\/\\\/fhs.cd\\\/de\\\/2023\\\/04\\\/20\\\/besuch-bayerischer-abgeordneter-im-kongo\\\/\"},\"wordCount\":291,\"commentCount\":0,\"publisher\":{\"@id\":\"https:\\\/\\\/fhs.cd\\\/de\\\/#organization\"},\"image\":{\"@id\":\"https:\\\/\\\/fhs.cd\\\/de\\\/2023\\\/04\\\/20\\\/besuch-bayerischer-abgeordneter-im-kongo\\\/#primaryimage\"},\"thumbnailUrl\":\"https:\\\/\\\/fhs.cd\\\/de\\\/wp-content\\\/uploads\\\/2023\\\/04\\\/DSC_7602-1024x678.jpg\",\"articleSection\":[\"Actualit\u00e9s\"],\"inLanguage\":\"fr-FR\",\"potentialAction\":[{\"@type\":\"CommentAction\",\"name\":\"Comment\",\"target\":[\"https:\\\/\\\/fhs.cd\\\/de\\\/2023\\\/04\\\/20\\\/besuch-bayerischer-abgeordneter-im-kongo\\\/#respond\"]}]},{\"@type\":\"WebPage\",\"@id\":\"https:\\\/\\\/fhs.cd\\\/de\\\/2023\\\/04\\\/20\\\/besuch-bayerischer-abgeordneter-im-kongo\\\/\",\"url\":\"https:\\\/\\\/fhs.cd\\\/de\\\/2023\\\/04\\\/20\\\/besuch-bayerischer-abgeordneter-im-kongo\\\/\",\"name\":\"Besuch bayerischer Abgeordneter im Kongo | Fondation Hanns Seidel\",\"isPartOf\":{\"@id\":\"https:\\\/\\\/fhs.cd\\\/de\\\/#website\"},\"primaryImageOfPage\":{\"@id\":\"https:\\\/\\\/fhs.cd\\\/de\\\/2023\\\/04\\\/20\\\/besuch-bayerischer-abgeordneter-im-kongo\\\/#primaryimage\"},\"image\":{\"@id\":\"https:\\\/\\\/fhs.cd\\\/de\\\/2023\\\/04\\\/20\\\/besuch-bayerischer-abgeordneter-im-kongo\\\/#primaryimage\"},\"thumbnailUrl\":\"https:\\\/\\\/fhs.cd\\\/de\\\/wp-content\\\/uploads\\\/2023\\\/04\\\/DSC_7602-1024x678.jpg\",\"datePublished\":\"2023-04-20T13:50:37+00:00\",\"dateModified\":\"2023-04-20T13:50:39+00:00\",\"breadcrumb\":{\"@id\":\"https:\\\/\\\/fhs.cd\\\/de\\\/2023\\\/04\\\/20\\\/besuch-bayerischer-abgeordneter-im-kongo\\\/#breadcrumb\"},\"inLanguage\":\"fr-FR\",\"potentialAction\":[{\"@type\":\"ReadAction\",\"target\":[\"https:\\\/\\\/fhs.cd\\\/de\\\/2023\\\/04\\\/20\\\/besuch-bayerischer-abgeordneter-im-kongo\\\/\"]}]},{\"@type\":\"ImageObject\",\"inLanguage\":\"fr-FR\",\"@id\":\"https:\\\/\\\/fhs.cd\\\/de\\\/2023\\\/04\\\/20\\\/besuch-bayerischer-abgeordneter-im-kongo\\\/#primaryimage\",\"url\":\"https:\\\/\\\/fhs.cd\\\/de\\\/wp-content\\\/uploads\\\/2023\\\/04\\\/DSC_7602.jpg\",\"contentUrl\":\"https:\\\/\\\/fhs.cd\\\/de\\\/wp-content\\\/uploads\\\/2023\\\/04\\\/DSC_7602.jpg\",\"width\":1900,\"height\":1258},{\"@type\":\"BreadcrumbList\",\"@id\":\"https:\\\/\\\/fhs.cd\\\/de\\\/2023\\\/04\\\/20\\\/besuch-bayerischer-abgeordneter-im-kongo\\\/#breadcrumb\",\"itemListElement\":[{\"@type\":\"ListItem\",\"position\":1,\"name\":\"Accueil\",\"item\":\"https:\\\/\\\/fhs.cd\\\/de\\\/\"},{\"@type\":\"ListItem\",\"position\":2,\"name\":\"Besuch bayerischer Abgeordneter im Kongo\"}]},{\"@type\":\"WebSite\",\"@id\":\"https:\\\/\\\/fhs.cd\\\/de\\\/#website\",\"url\":\"https:\\\/\\\/fhs.cd\\\/de\\\/\",\"name\":\"Fondation Hanns Seidel\",\"description\":\"\",\"publisher\":{\"@id\":\"https:\\\/\\\/fhs.cd\\\/de\\\/#organization\"},\"potentialAction\":[{\"@type\":\"SearchAction\",\"target\":{\"@type\":\"EntryPoint\",\"urlTemplate\":\"https:\\\/\\\/fhs.cd\\\/de\\\/?s={search_term_string}\"},\"query-input\":{\"@type\":\"PropertyValueSpecification\",\"valueRequired\":true,\"valueName\":\"search_term_string\"}}],\"inLanguage\":\"fr-FR\"},{\"@type\":\"Organization\",\"@id\":\"https:\\\/\\\/fhs.cd\\\/de\\\/#organization\",\"name\":\"Fondation Hanns Seidel\",\"url\":\"https:\\\/\\\/fhs.cd\\\/de\\\/\",\"logo\":{\"@type\":\"ImageObject\",\"inLanguage\":\"fr-FR\",\"@id\":\"https:\\\/\\\/fhs.cd\\\/de\\\/#\\\/schema\\\/logo\\\/image\\\/\",\"url\":\"https:\\\/\\\/fhs.cd\\\/de\\\/wp-content\\\/uploads\\\/2023\\\/01\\\/cropped-FHS-Logo_fran_RGB_40.jpg\",\"contentUrl\":\"https:\\\/\\\/fhs.cd\\\/de\\\/wp-content\\\/uploads\\\/2023\\\/01\\\/cropped-FHS-Logo_fran_RGB_40.jpg\",\"width\":570,\"height\":280,\"caption\":\"Fondation Hanns Seidel\"},\"image\":{\"@id\":\"https:\\\/\\\/fhs.cd\\\/de\\\/#\\\/schema\\\/logo\\\/image\\\/\"}},{\"@type\":\"Person\",\"@id\":\"https:\\\/\\\/fhs.cd\\\/de\\\/#\\\/schema\\\/person\\\/0edc88059a683937768cf80341c5cfdd\",\"name\":\"fhsrdc\",\"image\":{\"@type\":\"ImageObject\",\"inLanguage\":\"fr-FR\",\"@id\":\"https:\\\/\\\/secure.gravatar.com\\\/avatar\\\/27d7adb6e80798119549764ea842f88319a9cf7528072eeaa23e3a863a8481fb?s=96&d=mm&r=g\",\"url\":\"https:\\\/\\\/secure.gravatar.com\\\/avatar\\\/27d7adb6e80798119549764ea842f88319a9cf7528072eeaa23e3a863a8481fb?s=96&d=mm&r=g\",\"contentUrl\":\"https:\\\/\\\/secure.gravatar.com\\\/avatar\\\/27d7adb6e80798119549764ea842f88319a9cf7528072eeaa23e3a863a8481fb?s=96&d=mm&r=g\",\"caption\":\"fhsrdc\"},\"sameAs\":[\"https:\\\/\\\/fhs.cd\\\/de\"],\"url\":\"https:\\\/\\\/fhs.cd\\\/de\\\/author\\\/fhsrdc\\\/\"}]}<\/script>\r\n<!-- \/ Yoast SEO plugin. -->","yoast_head_json":{"title":"Besuch bayerischer Abgeordneter im Kongo | Fondation Hanns Seidel","robots":{"index":"index","follow":"follow","max-snippet":"max-snippet:-1","max-image-preview":"max-image-preview:large","max-video-preview":"max-video-preview:-1"},"canonical":"https:\/\/fhs.cd\/de\/2023\/04\/20\/besuch-bayerischer-abgeordneter-im-kongo\/","og_locale":"fr_FR","og_type":"article","og_title":"Besuch bayerischer Abgeordneter im Kongo | Fondation Hanns Seidel","og_description":"Im M\u00e4rz erhielt die Hanns-Seidel-Stiftung in der DR Kongo Besuch von einer Delegation der entwicklungspolitischen [&hellip;]","og_url":"https:\/\/fhs.cd\/de\/2023\/04\/20\/besuch-bayerischer-abgeordneter-im-kongo\/","og_site_name":"Fondation Hanns Seidel","article_published_time":"2023-04-20T13:50:37+00:00","article_modified_time":"2023-04-20T13:50:39+00:00","og_image":[{"url":"https:\/\/fhs.cd\/de\/wp-content\/uploads\/2023\/04\/DSC_7602-1024x678.jpg","type":"","width":"","height":""}],"author":"fhsrdc","twitter_card":"summary_large_image","twitter_misc":{"\u00c9crit par":"fhsrdc","Dur\u00e9e de lecture estim\u00e9e":"3 minutes"},"schema":{"@context":"https:\/\/schema.org","@graph":[{"@type":"Article","@id":"https:\/\/fhs.cd\/de\/2023\/04\/20\/besuch-bayerischer-abgeordneter-im-kongo\/#article","isPartOf":{"@id":"https:\/\/fhs.cd\/de\/2023\/04\/20\/besuch-bayerischer-abgeordneter-im-kongo\/"},"author":{"name":"fhsrdc","@id":"https:\/\/fhs.cd\/de\/#\/schema\/person\/0edc88059a683937768cf80341c5cfdd"},"headline":"Besuch bayerischer Abgeordneter im Kongo","datePublished":"2023-04-20T13:50:37+00:00","dateModified":"2023-04-20T13:50:39+00:00","mainEntityOfPage":{"@id":"https:\/\/fhs.cd\/de\/2023\/04\/20\/besuch-bayerischer-abgeordneter-im-kongo\/"},"wordCount":291,"commentCount":0,"publisher":{"@id":"https:\/\/fhs.cd\/de\/#organization"},"image":{"@id":"https:\/\/fhs.cd\/de\/2023\/04\/20\/besuch-bayerischer-abgeordneter-im-kongo\/#primaryimage"},"thumbnailUrl":"https:\/\/fhs.cd\/de\/wp-content\/uploads\/2023\/04\/DSC_7602-1024x678.jpg","articleSection":["Actualit\u00e9s"],"inLanguage":"fr-FR","potentialAction":[{"@type":"CommentAction","name":"Comment","target":["https:\/\/fhs.cd\/de\/2023\/04\/20\/besuch-bayerischer-abgeordneter-im-kongo\/#respond"]}]},{"@type":"WebPage","@id":"https:\/\/fhs.cd\/de\/2023\/04\/20\/besuch-bayerischer-abgeordneter-im-kongo\/","url":"https:\/\/fhs.cd\/de\/2023\/04\/20\/besuch-bayerischer-abgeordneter-im-kongo\/","name":"Besuch bayerischer Abgeordneter im Kongo | Fondation Hanns Seidel","isPartOf":{"@id":"https:\/\/fhs.cd\/de\/#website"},"primaryImageOfPage":{"@id":"https:\/\/fhs.cd\/de\/2023\/04\/20\/besuch-bayerischer-abgeordneter-im-kongo\/#primaryimage"},"image":{"@id":"https:\/\/fhs.cd\/de\/2023\/04\/20\/besuch-bayerischer-abgeordneter-im-kongo\/#primaryimage"},"thumbnailUrl":"https:\/\/fhs.cd\/de\/wp-content\/uploads\/2023\/04\/DSC_7602-1024x678.jpg","datePublished":"2023-04-20T13:50:37+00:00","dateModified":"2023-04-20T13:50:39+00:00","breadcrumb":{"@id":"https:\/\/fhs.cd\/de\/2023\/04\/20\/besuch-bayerischer-abgeordneter-im-kongo\/#breadcrumb"},"inLanguage":"fr-FR","potentialAction":[{"@type":"ReadAction","target":["https:\/\/fhs.cd\/de\/2023\/04\/20\/besuch-bayerischer-abgeordneter-im-kongo\/"]}]},{"@type":"ImageObject","inLanguage":"fr-FR","@id":"https:\/\/fhs.cd\/de\/2023\/04\/20\/besuch-bayerischer-abgeordneter-im-kongo\/#primaryimage","url":"https:\/\/fhs.cd\/de\/wp-content\/uploads\/2023\/04\/DSC_7602.jpg","contentUrl":"https:\/\/fhs.cd\/de\/wp-content\/uploads\/2023\/04\/DSC_7602.jpg","width":1900,"height":1258},{"@type":"BreadcrumbList","@id":"https:\/\/fhs.cd\/de\/2023\/04\/20\/besuch-bayerischer-abgeordneter-im-kongo\/#breadcrumb","itemListElement":[{"@type":"ListItem","position":1,"name":"Accueil","item":"https:\/\/fhs.cd\/de\/"},{"@type":"ListItem","position":2,"name":"Besuch bayerischer Abgeordneter im Kongo"}]},{"@type":"WebSite","@id":"https:\/\/fhs.cd\/de\/#website","url":"https:\/\/fhs.cd\/de\/","name":"Fondation Hanns Seidel","description":"","publisher":{"@id":"https:\/\/fhs.cd\/de\/#organization"},"potentialAction":[{"@type":"SearchAction","target":{"@type":"EntryPoint","urlTemplate":"https:\/\/fhs.cd\/de\/?s={search_term_string}"},"query-input":{"@type":"PropertyValueSpecification","valueRequired":true,"valueName":"search_term_string"}}],"inLanguage":"fr-FR"},{"@type":"Organization","@id":"https:\/\/fhs.cd\/de\/#organization","name":"Fondation Hanns Seidel","url":"https:\/\/fhs.cd\/de\/","logo":{"@type":"ImageObject","inLanguage":"fr-FR","@id":"https:\/\/fhs.cd\/de\/#\/schema\/logo\/image\/","url":"https:\/\/fhs.cd\/de\/wp-content\/uploads\/2023\/01\/cropped-FHS-Logo_fran_RGB_40.jpg","contentUrl":"https:\/\/fhs.cd\/de\/wp-content\/uploads\/2023\/01\/cropped-FHS-Logo_fran_RGB_40.jpg","width":570,"height":280,"caption":"Fondation Hanns Seidel"},"image":{"@id":"https:\/\/fhs.cd\/de\/#\/schema\/logo\/image\/"}},{"@type":"Person","@id":"https:\/\/fhs.cd\/de\/#\/schema\/person\/0edc88059a683937768cf80341c5cfdd","name":"fhsrdc","image":{"@type":"ImageObject","inLanguage":"fr-FR","@id":"https:\/\/secure.gravatar.com\/avatar\/27d7adb6e80798119549764ea842f88319a9cf7528072eeaa23e3a863a8481fb?s=96&d=mm&r=g","url":"https:\/\/secure.gravatar.com\/avatar\/27d7adb6e80798119549764ea842f88319a9cf7528072eeaa23e3a863a8481fb?s=96&d=mm&r=g","contentUrl":"https:\/\/secure.gravatar.com\/avatar\/27d7adb6e80798119549764ea842f88319a9cf7528072eeaa23e3a863a8481fb?s=96&d=mm&r=g","caption":"fhsrdc"},"sameAs":["https:\/\/fhs.cd\/de"],"url":"https:\/\/fhs.cd\/de\/author\/fhsrdc\/"}]}},"jetpack_featured_media_url":"","_links":{"self":[{"href":"https:\/\/fhs.cd\/de\/wp-json\/wp\/v2\/posts\/3793","targetHints":{"allow":["GET"]}}],"collection":[{"href":"https:\/\/fhs.cd\/de\/wp-json\/wp\/v2\/posts"}],"about":[{"href":"https:\/\/fhs.cd\/de\/wp-json\/wp\/v2\/types\/post"}],"author":[{"embeddable":true,"href":"https:\/\/fhs.cd\/de\/wp-json\/wp\/v2\/users\/1"}],"replies":[{"embeddable":true,"href":"https:\/\/fhs.cd\/de\/wp-json\/wp\/v2\/comments?post=3793"}],"version-history":[{"count":9,"href":"https:\/\/fhs.cd\/de\/wp-json\/wp\/v2\/posts\/3793\/revisions"}],"predecessor-version":[{"id":3819,"href":"https:\/\/fhs.cd\/de\/wp-json\/wp\/v2\/posts\/3793\/revisions\/3819"}],"wp:attachment":[{"href":"https:\/\/fhs.cd\/de\/wp-json\/wp\/v2\/media?parent=3793"}],"wp:term":[{"taxonomy":"category","embeddable":true,"href":"https:\/\/fhs.cd\/de\/wp-json\/wp\/v2\/categories?post=3793"},{"taxonomy":"post_tag","embeddable":true,"href":"https:\/\/fhs.cd\/de\/wp-json\/wp\/v2\/tags?post=3793"}],"curies":[{"name":"wp","href":"https:\/\/api.w.org\/{rel}","templated":true}]}}