{"id":2926,"date":"2023-01-23T08:37:12","date_gmt":"2023-01-23T08:37:12","guid":{"rendered":"https:\/\/fhsrdc.wpcomstaging.com\/?p=2926"},"modified":"2023-01-30T20:08:17","modified_gmt":"2023-01-30T20:08:17","slug":"tag-des-baumes","status":"publish","type":"post","link":"https:\/\/fhs.cd\/de\/2023\/01\/23\/tag-des-baumes\/","title":{"rendered":"Tag des Baumes"},"content":{"rendered":"\t\t<div data-elementor-type=\"wp-post\" data-elementor-id=\"2926\" class=\"elementor elementor-2926\">\n\t\t\t\t\t\t<section class=\"elementor-section elementor-top-section elementor-element elementor-element-9dc946d elementor-section-boxed elementor-section-height-default elementor-section-height-default qodef-elementor-content-no\" data-id=\"9dc946d\" data-element_type=\"section\" data-e-type=\"section\">\n\t\t\t\t\t\t<div class=\"elementor-container elementor-column-gap-default\">\n\t\t\t\t\t<div class=\"elementor-column elementor-col-50 elementor-top-column elementor-element elementor-element-80359f7\" data-id=\"80359f7\" data-element_type=\"column\" data-e-type=\"column\">\n\t\t\t<div class=\"elementor-widget-wrap elementor-element-populated\">\n\t\t\t\t\t\t<div class=\"elementor-element elementor-element-25f4f76 elementor-widget elementor-widget-image\" data-id=\"25f4f76\" data-element_type=\"widget\" data-e-type=\"widget\" data-widget_type=\"image.default\">\n\t\t\t\t<div class=\"elementor-widget-container\">\n\t\t\t\t\t\t\t\t\t\t\t\t\t\t\t<img fetchpriority=\"high\" decoding=\"async\" width=\"1024\" height=\"683\" src=\"https:\/\/fhs.cd\/de\/wp-content\/uploads\/2023\/01\/JNA-1-1-1024x683.jpg\" class=\"attachment-large size-large wp-image-3356\" alt=\"\" srcset=\"https:\/\/fhs.cd\/de\/wp-content\/uploads\/2023\/01\/JNA-1-1-1024x683.jpg 1024w, https:\/\/fhs.cd\/de\/wp-content\/uploads\/2023\/01\/JNA-1-1-300x200.jpg 300w, https:\/\/fhs.cd\/de\/wp-content\/uploads\/2023\/01\/JNA-1-1-768x512.jpg 768w, https:\/\/fhs.cd\/de\/wp-content\/uploads\/2023\/01\/JNA-1-1.jpg 1080w\" sizes=\"(max-width: 1024px) 100vw, 1024px\" \/>\t\t\t\t\t\t\t\t\t\t\t\t\t\t\t<\/div>\n\t\t\t\t<\/div>\n\t\t\t\t<div class=\"elementor-element elementor-element-1aa6f7e elementor-widget elementor-widget-image\" data-id=\"1aa6f7e\" data-element_type=\"widget\" data-e-type=\"widget\" data-widget_type=\"image.default\">\n\t\t\t\t<div class=\"elementor-widget-container\">\n\t\t\t\t\t\t\t\t\t\t\t\t\t\t\t<img decoding=\"async\" width=\"1024\" height=\"683\" src=\"https:\/\/fhs.cd\/de\/wp-content\/uploads\/2023\/01\/JNA-1024x683.jpg\" class=\"attachment-large size-large wp-image-3357\" alt=\"\" srcset=\"https:\/\/fhs.cd\/de\/wp-content\/uploads\/2023\/01\/JNA-1024x683.jpg 1024w, https:\/\/fhs.cd\/de\/wp-content\/uploads\/2023\/01\/JNA-300x200.jpg 300w, https:\/\/fhs.cd\/de\/wp-content\/uploads\/2023\/01\/JNA-768x512.jpg 768w, https:\/\/fhs.cd\/de\/wp-content\/uploads\/2023\/01\/JNA.jpg 1080w\" sizes=\"(max-width: 1024px) 100vw, 1024px\" \/>\t\t\t\t\t\t\t\t\t\t\t\t\t\t\t<\/div>\n\t\t\t\t<\/div>\n\t\t\t\t\t<\/div>\n\t\t<\/div>\n\t\t\t\t<div class=\"elementor-column elementor-col-50 elementor-top-column elementor-element elementor-element-ad7a361\" data-id=\"ad7a361\" data-element_type=\"column\" data-e-type=\"column\">\n\t\t\t<div class=\"elementor-widget-wrap elementor-element-populated\">\n\t\t\t\t\t\t<div class=\"elementor-element elementor-element-accd2ee elementor-widget elementor-widget-text-editor\" data-id=\"accd2ee\" data-element_type=\"widget\" data-e-type=\"widget\" data-widget_type=\"text-editor.default\">\n\t\t\t\t<div class=\"elementor-widget-container\">\n\t\t\t\t\t\t\t\t\t<p>Anl\u00e4sslich des \u201eNationalen Tags des Baumes\u201c am 5. Dezember 2022 hat das Ministerium f\u00fcr Umwelt und nachhaltige Entwicklung mit finanzieller Unterst\u00fctzung der Hanns-Seidel-Stiftung eine Gedenkfeier im Nsele-Park organisiert. Die f\u00fcr Umwelt zust\u00e4ndige Vize-Premierministerin Eve Bazaiba lud den Leiter des Auslandsb\u00fcros der Hanns-Seidel-Stiftung im Kongo, Malte Liewerscheidt, zur Teilnahme an der Baumpflanzung ein. Ziel war es unter anderem, die DR Kongo bei ihrem selbsterkl\u00e4rten Ziel zu unterst\u00fctzen, ein \u201eLand der L\u00f6sungen\u201c im Kampf gegen den Klimawandel zu sein. Die Hanns-Seidel-Stiftung f\u00fchrt seit vielen Jahren Agroforstwirtschaftsprojekte in der DR Kongo durch und beweist damit ihr Engagement f\u00fcr Umweltschutz und nachhaltige Entwicklung.<\/p><p>Herr Liewerscheidt betonte, dass die DR Kongo \u201eaufgrund ihrer Waldausstattung die zweitgr\u00f6\u00dfte \u00f6kologische Lunge der Welt darstellt. Daher ist es wichtig, dass ihr Stellenwert weltweit anerkannt wird und die Ertr\u00e4ge aus ihrem Waldpotenzial dem kongolesischen Volk zugutekommen.\u201c Mit der Unterst\u00fctzung des \u201eTags des Baumes\u201c m\u00f6chte die Stiftung die Bedeutung der Erhaltung und Nutzung der Waldressourcen in der DR Kongo hervorheben.<\/p><p>Fotos: \u00a9 Ministerium f\u00fcr Umwelt und nachhaltige Entwicklung<\/p>\t\t\t\t\t\t\t\t<\/div>\n\t\t\t\t<\/div>\n\t\t\t\t\t<\/div>\n\t\t<\/div>\n\t\t\t\t\t<\/div>\n\t\t<\/section>\n\t\t\t\t<\/div>\n\t\t","protected":false},"excerpt":{"rendered":"<p>Anl\u00e4sslich des \u201eNationalen Tags des Baumes\u201c am 5. Dezember 2022 hat das Ministerium f\u00fcr Umwelt [&hellip;]<\/p>\n","protected":false},"author":1,"featured_media":0,"comment_status":"open","ping_status":"open","sticky":false,"template":"wp-custom-template-beitrage-actualites","format":"standard","meta":{"_crdt_document":"","footnotes":""},"categories":[2],"tags":[],"class_list":["post-2926","post","type-post","status-publish","format-standard","hentry","category-actualites"],"yoast_head":"<!-- This site is optimized with the Yoast SEO plugin v27.4 - https:\/\/yoast.com\/product\/yoast-seo-wordpress\/ -->\r\n<title>Tag des Baumes | Fondation Hanns Seidel<\/title>\r\n<meta name=\"robots\" content=\"index, follow, max-snippet:-1, max-image-preview:large, max-video-preview:-1\" \/>\r\n<link rel=\"canonical\" href=\"https:\/\/fhs.cd\/de\/2023\/01\/23\/tag-des-baumes\/\" \/>\r\n<meta property=\"og:locale\" content=\"fr_FR\" \/>\r\n<meta property=\"og:type\" content=\"article\" \/>\r\n<meta property=\"og:title\" content=\"Tag des Baumes | Fondation Hanns Seidel\" \/>\r\n<meta property=\"og:description\" content=\"Anl\u00e4sslich des \u201eNationalen Tags des Baumes\u201c am 5. Dezember 2022 hat das Ministerium f\u00fcr Umwelt [&hellip;]\" \/>\r\n<meta property=\"og:url\" content=\"https:\/\/fhs.cd\/de\/2023\/01\/23\/tag-des-baumes\/\" \/>\r\n<meta property=\"og:site_name\" content=\"Fondation Hanns Seidel\" \/>\r\n<meta property=\"article:published_time\" content=\"2023-01-23T08:37:12+00:00\" \/>\r\n<meta property=\"article:modified_time\" content=\"2023-01-30T20:08:17+00:00\" \/>\r\n<meta property=\"og:image\" content=\"https:\/\/fhs.cd\/de\/wp-content\/uploads\/2023\/01\/JNA-1-1-1024x683.jpg\" \/>\r\n<meta name=\"author\" content=\"fhsrdc\" \/>\r\n<meta name=\"twitter:card\" content=\"summary_large_image\" \/>\r\n<meta name=\"twitter:label1\" content=\"\u00c9crit par\" \/>\n\t<meta name=\"twitter:data1\" content=\"fhsrdc\" \/>\n\t<meta name=\"twitter:label2\" content=\"Dur\u00e9e de lecture estim\u00e9e\" \/>\n\t<meta name=\"twitter:data2\" content=\"2 minutes\" \/>\r\n<script type=\"application\/ld+json\" class=\"yoast-schema-graph\">{\"@context\":\"https:\\\/\\\/schema.org\",\"@graph\":[{\"@type\":\"Article\",\"@id\":\"https:\\\/\\\/fhs.cd\\\/de\\\/2023\\\/01\\\/23\\\/tag-des-baumes\\\/#article\",\"isPartOf\":{\"@id\":\"https:\\\/\\\/fhs.cd\\\/de\\\/2023\\\/01\\\/23\\\/tag-des-baumes\\\/\"},\"author\":{\"name\":\"fhsrdc\",\"@id\":\"https:\\\/\\\/fhs.cd\\\/de\\\/#\\\/schema\\\/person\\\/0edc88059a683937768cf80341c5cfdd\"},\"headline\":\"Tag des Baumes\",\"datePublished\":\"2023-01-23T08:37:12+00:00\",\"dateModified\":\"2023-01-30T20:08:17+00:00\",\"mainEntityOfPage\":{\"@id\":\"https:\\\/\\\/fhs.cd\\\/de\\\/2023\\\/01\\\/23\\\/tag-des-baumes\\\/\"},\"wordCount\":183,\"commentCount\":0,\"publisher\":{\"@id\":\"https:\\\/\\\/fhs.cd\\\/de\\\/#organization\"},\"image\":{\"@id\":\"https:\\\/\\\/fhs.cd\\\/de\\\/2023\\\/01\\\/23\\\/tag-des-baumes\\\/#primaryimage\"},\"thumbnailUrl\":\"https:\\\/\\\/fhs.cd\\\/de\\\/wp-content\\\/uploads\\\/2023\\\/01\\\/JNA-1-1-1024x683.jpg\",\"articleSection\":[\"Actualit\u00e9s\"],\"inLanguage\":\"fr-FR\",\"potentialAction\":[{\"@type\":\"CommentAction\",\"name\":\"Comment\",\"target\":[\"https:\\\/\\\/fhs.cd\\\/de\\\/2023\\\/01\\\/23\\\/tag-des-baumes\\\/#respond\"]}]},{\"@type\":\"WebPage\",\"@id\":\"https:\\\/\\\/fhs.cd\\\/de\\\/2023\\\/01\\\/23\\\/tag-des-baumes\\\/\",\"url\":\"https:\\\/\\\/fhs.cd\\\/de\\\/2023\\\/01\\\/23\\\/tag-des-baumes\\\/\",\"name\":\"Tag des Baumes | Fondation Hanns Seidel\",\"isPartOf\":{\"@id\":\"https:\\\/\\\/fhs.cd\\\/de\\\/#website\"},\"primaryImageOfPage\":{\"@id\":\"https:\\\/\\\/fhs.cd\\\/de\\\/2023\\\/01\\\/23\\\/tag-des-baumes\\\/#primaryimage\"},\"image\":{\"@id\":\"https:\\\/\\\/fhs.cd\\\/de\\\/2023\\\/01\\\/23\\\/tag-des-baumes\\\/#primaryimage\"},\"thumbnailUrl\":\"https:\\\/\\\/fhs.cd\\\/de\\\/wp-content\\\/uploads\\\/2023\\\/01\\\/JNA-1-1-1024x683.jpg\",\"datePublished\":\"2023-01-23T08:37:12+00:00\",\"dateModified\":\"2023-01-30T20:08:17+00:00\",\"breadcrumb\":{\"@id\":\"https:\\\/\\\/fhs.cd\\\/de\\\/2023\\\/01\\\/23\\\/tag-des-baumes\\\/#breadcrumb\"},\"inLanguage\":\"fr-FR\",\"potentialAction\":[{\"@type\":\"ReadAction\",\"target\":[\"https:\\\/\\\/fhs.cd\\\/de\\\/2023\\\/01\\\/23\\\/tag-des-baumes\\\/\"]}]},{\"@type\":\"ImageObject\",\"inLanguage\":\"fr-FR\",\"@id\":\"https:\\\/\\\/fhs.cd\\\/de\\\/2023\\\/01\\\/23\\\/tag-des-baumes\\\/#primaryimage\",\"url\":\"https:\\\/\\\/fhs.cd\\\/de\\\/wp-content\\\/uploads\\\/2023\\\/01\\\/JNA-1-1.jpg\",\"contentUrl\":\"https:\\\/\\\/fhs.cd\\\/de\\\/wp-content\\\/uploads\\\/2023\\\/01\\\/JNA-1-1.jpg\",\"width\":1080,\"height\":720},{\"@type\":\"BreadcrumbList\",\"@id\":\"https:\\\/\\\/fhs.cd\\\/de\\\/2023\\\/01\\\/23\\\/tag-des-baumes\\\/#breadcrumb\",\"itemListElement\":[{\"@type\":\"ListItem\",\"position\":1,\"name\":\"Accueil\",\"item\":\"https:\\\/\\\/fhs.cd\\\/de\\\/\"},{\"@type\":\"ListItem\",\"position\":2,\"name\":\"Tag des Baumes\"}]},{\"@type\":\"WebSite\",\"@id\":\"https:\\\/\\\/fhs.cd\\\/de\\\/#website\",\"url\":\"https:\\\/\\\/fhs.cd\\\/de\\\/\",\"name\":\"Fondation Hanns Seidel\",\"description\":\"\",\"publisher\":{\"@id\":\"https:\\\/\\\/fhs.cd\\\/de\\\/#organization\"},\"potentialAction\":[{\"@type\":\"SearchAction\",\"target\":{\"@type\":\"EntryPoint\",\"urlTemplate\":\"https:\\\/\\\/fhs.cd\\\/de\\\/?s={search_term_string}\"},\"query-input\":{\"@type\":\"PropertyValueSpecification\",\"valueRequired\":true,\"valueName\":\"search_term_string\"}}],\"inLanguage\":\"fr-FR\"},{\"@type\":\"Organization\",\"@id\":\"https:\\\/\\\/fhs.cd\\\/de\\\/#organization\",\"name\":\"Fondation Hanns Seidel\",\"url\":\"https:\\\/\\\/fhs.cd\\\/de\\\/\",\"logo\":{\"@type\":\"ImageObject\",\"inLanguage\":\"fr-FR\",\"@id\":\"https:\\\/\\\/fhs.cd\\\/de\\\/#\\\/schema\\\/logo\\\/image\\\/\",\"url\":\"https:\\\/\\\/fhs.cd\\\/de\\\/wp-content\\\/uploads\\\/2023\\\/01\\\/cropped-FHS-Logo_fran_RGB_40.jpg\",\"contentUrl\":\"https:\\\/\\\/fhs.cd\\\/de\\\/wp-content\\\/uploads\\\/2023\\\/01\\\/cropped-FHS-Logo_fran_RGB_40.jpg\",\"width\":570,\"height\":280,\"caption\":\"Fondation Hanns Seidel\"},\"image\":{\"@id\":\"https:\\\/\\\/fhs.cd\\\/de\\\/#\\\/schema\\\/logo\\\/image\\\/\"}},{\"@type\":\"Person\",\"@id\":\"https:\\\/\\\/fhs.cd\\\/de\\\/#\\\/schema\\\/person\\\/0edc88059a683937768cf80341c5cfdd\",\"name\":\"fhsrdc\",\"image\":{\"@type\":\"ImageObject\",\"inLanguage\":\"fr-FR\",\"@id\":\"https:\\\/\\\/secure.gravatar.com\\\/avatar\\\/27d7adb6e80798119549764ea842f88319a9cf7528072eeaa23e3a863a8481fb?s=96&d=mm&r=g\",\"url\":\"https:\\\/\\\/secure.gravatar.com\\\/avatar\\\/27d7adb6e80798119549764ea842f88319a9cf7528072eeaa23e3a863a8481fb?s=96&d=mm&r=g\",\"contentUrl\":\"https:\\\/\\\/secure.gravatar.com\\\/avatar\\\/27d7adb6e80798119549764ea842f88319a9cf7528072eeaa23e3a863a8481fb?s=96&d=mm&r=g\",\"caption\":\"fhsrdc\"},\"sameAs\":[\"https:\\\/\\\/fhs.cd\\\/de\"],\"url\":\"https:\\\/\\\/fhs.cd\\\/de\\\/author\\\/fhsrdc\\\/\"}]}<\/script>\r\n<!-- \/ Yoast SEO plugin. -->","yoast_head_json":{"title":"Tag des Baumes | Fondation Hanns Seidel","robots":{"index":"index","follow":"follow","max-snippet":"max-snippet:-1","max-image-preview":"max-image-preview:large","max-video-preview":"max-video-preview:-1"},"canonical":"https:\/\/fhs.cd\/de\/2023\/01\/23\/tag-des-baumes\/","og_locale":"fr_FR","og_type":"article","og_title":"Tag des Baumes | Fondation Hanns Seidel","og_description":"Anl\u00e4sslich des \u201eNationalen Tags des Baumes\u201c am 5. Dezember 2022 hat das Ministerium f\u00fcr Umwelt [&hellip;]","og_url":"https:\/\/fhs.cd\/de\/2023\/01\/23\/tag-des-baumes\/","og_site_name":"Fondation Hanns Seidel","article_published_time":"2023-01-23T08:37:12+00:00","article_modified_time":"2023-01-30T20:08:17+00:00","og_image":[{"url":"https:\/\/fhs.cd\/de\/wp-content\/uploads\/2023\/01\/JNA-1-1-1024x683.jpg","type":"","width":"","height":""}],"author":"fhsrdc","twitter_card":"summary_large_image","twitter_misc":{"\u00c9crit par":"fhsrdc","Dur\u00e9e de lecture estim\u00e9e":"2 minutes"},"schema":{"@context":"https:\/\/schema.org","@graph":[{"@type":"Article","@id":"https:\/\/fhs.cd\/de\/2023\/01\/23\/tag-des-baumes\/#article","isPartOf":{"@id":"https:\/\/fhs.cd\/de\/2023\/01\/23\/tag-des-baumes\/"},"author":{"name":"fhsrdc","@id":"https:\/\/fhs.cd\/de\/#\/schema\/person\/0edc88059a683937768cf80341c5cfdd"},"headline":"Tag des Baumes","datePublished":"2023-01-23T08:37:12+00:00","dateModified":"2023-01-30T20:08:17+00:00","mainEntityOfPage":{"@id":"https:\/\/fhs.cd\/de\/2023\/01\/23\/tag-des-baumes\/"},"wordCount":183,"commentCount":0,"publisher":{"@id":"https:\/\/fhs.cd\/de\/#organization"},"image":{"@id":"https:\/\/fhs.cd\/de\/2023\/01\/23\/tag-des-baumes\/#primaryimage"},"thumbnailUrl":"https:\/\/fhs.cd\/de\/wp-content\/uploads\/2023\/01\/JNA-1-1-1024x683.jpg","articleSection":["Actualit\u00e9s"],"inLanguage":"fr-FR","potentialAction":[{"@type":"CommentAction","name":"Comment","target":["https:\/\/fhs.cd\/de\/2023\/01\/23\/tag-des-baumes\/#respond"]}]},{"@type":"WebPage","@id":"https:\/\/fhs.cd\/de\/2023\/01\/23\/tag-des-baumes\/","url":"https:\/\/fhs.cd\/de\/2023\/01\/23\/tag-des-baumes\/","name":"Tag des Baumes | Fondation Hanns Seidel","isPartOf":{"@id":"https:\/\/fhs.cd\/de\/#website"},"primaryImageOfPage":{"@id":"https:\/\/fhs.cd\/de\/2023\/01\/23\/tag-des-baumes\/#primaryimage"},"image":{"@id":"https:\/\/fhs.cd\/de\/2023\/01\/23\/tag-des-baumes\/#primaryimage"},"thumbnailUrl":"https:\/\/fhs.cd\/de\/wp-content\/uploads\/2023\/01\/JNA-1-1-1024x683.jpg","datePublished":"2023-01-23T08:37:12+00:00","dateModified":"2023-01-30T20:08:17+00:00","breadcrumb":{"@id":"https:\/\/fhs.cd\/de\/2023\/01\/23\/tag-des-baumes\/#breadcrumb"},"inLanguage":"fr-FR","potentialAction":[{"@type":"ReadAction","target":["https:\/\/fhs.cd\/de\/2023\/01\/23\/tag-des-baumes\/"]}]},{"@type":"ImageObject","inLanguage":"fr-FR","@id":"https:\/\/fhs.cd\/de\/2023\/01\/23\/tag-des-baumes\/#primaryimage","url":"https:\/\/fhs.cd\/de\/wp-content\/uploads\/2023\/01\/JNA-1-1.jpg","contentUrl":"https:\/\/fhs.cd\/de\/wp-content\/uploads\/2023\/01\/JNA-1-1.jpg","width":1080,"height":720},{"@type":"BreadcrumbList","@id":"https:\/\/fhs.cd\/de\/2023\/01\/23\/tag-des-baumes\/#breadcrumb","itemListElement":[{"@type":"ListItem","position":1,"name":"Accueil","item":"https:\/\/fhs.cd\/de\/"},{"@type":"ListItem","position":2,"name":"Tag des Baumes"}]},{"@type":"WebSite","@id":"https:\/\/fhs.cd\/de\/#website","url":"https:\/\/fhs.cd\/de\/","name":"Fondation Hanns Seidel","description":"","publisher":{"@id":"https:\/\/fhs.cd\/de\/#organization"},"potentialAction":[{"@type":"SearchAction","target":{"@type":"EntryPoint","urlTemplate":"https:\/\/fhs.cd\/de\/?s={search_term_string}"},"query-input":{"@type":"PropertyValueSpecification","valueRequired":true,"valueName":"search_term_string"}}],"inLanguage":"fr-FR"},{"@type":"Organization","@id":"https:\/\/fhs.cd\/de\/#organization","name":"Fondation Hanns Seidel","url":"https:\/\/fhs.cd\/de\/","logo":{"@type":"ImageObject","inLanguage":"fr-FR","@id":"https:\/\/fhs.cd\/de\/#\/schema\/logo\/image\/","url":"https:\/\/fhs.cd\/de\/wp-content\/uploads\/2023\/01\/cropped-FHS-Logo_fran_RGB_40.jpg","contentUrl":"https:\/\/fhs.cd\/de\/wp-content\/uploads\/2023\/01\/cropped-FHS-Logo_fran_RGB_40.jpg","width":570,"height":280,"caption":"Fondation Hanns Seidel"},"image":{"@id":"https:\/\/fhs.cd\/de\/#\/schema\/logo\/image\/"}},{"@type":"Person","@id":"https:\/\/fhs.cd\/de\/#\/schema\/person\/0edc88059a683937768cf80341c5cfdd","name":"fhsrdc","image":{"@type":"ImageObject","inLanguage":"fr-FR","@id":"https:\/\/secure.gravatar.com\/avatar\/27d7adb6e80798119549764ea842f88319a9cf7528072eeaa23e3a863a8481fb?s=96&d=mm&r=g","url":"https:\/\/secure.gravatar.com\/avatar\/27d7adb6e80798119549764ea842f88319a9cf7528072eeaa23e3a863a8481fb?s=96&d=mm&r=g","contentUrl":"https:\/\/secure.gravatar.com\/avatar\/27d7adb6e80798119549764ea842f88319a9cf7528072eeaa23e3a863a8481fb?s=96&d=mm&r=g","caption":"fhsrdc"},"sameAs":["https:\/\/fhs.cd\/de"],"url":"https:\/\/fhs.cd\/de\/author\/fhsrdc\/"}]}},"jetpack_featured_media_url":"","_links":{"self":[{"href":"https:\/\/fhs.cd\/de\/wp-json\/wp\/v2\/posts\/2926","targetHints":{"allow":["GET"]}}],"collection":[{"href":"https:\/\/fhs.cd\/de\/wp-json\/wp\/v2\/posts"}],"about":[{"href":"https:\/\/fhs.cd\/de\/wp-json\/wp\/v2\/types\/post"}],"author":[{"embeddable":true,"href":"https:\/\/fhs.cd\/de\/wp-json\/wp\/v2\/users\/1"}],"replies":[{"embeddable":true,"href":"https:\/\/fhs.cd\/de\/wp-json\/wp\/v2\/comments?post=2926"}],"version-history":[{"count":13,"href":"https:\/\/fhs.cd\/de\/wp-json\/wp\/v2\/posts\/2926\/revisions"}],"predecessor-version":[{"id":3690,"href":"https:\/\/fhs.cd\/de\/wp-json\/wp\/v2\/posts\/2926\/revisions\/3690"}],"wp:attachment":[{"href":"https:\/\/fhs.cd\/de\/wp-json\/wp\/v2\/media?parent=2926"}],"wp:term":[{"taxonomy":"category","embeddable":true,"href":"https:\/\/fhs.cd\/de\/wp-json\/wp\/v2\/categories?post=2926"},{"taxonomy":"post_tag","embeddable":true,"href":"https:\/\/fhs.cd\/de\/wp-json\/wp\/v2\/tags?post=2926"}],"curies":[{"name":"wp","href":"https:\/\/api.w.org\/{rel}","templated":true}]}}